{"id":2486,"date":"2024-09-12T12:16:05","date_gmt":"2024-09-12T18:16:05","guid":{"rendered":"https:\/\/www.mtnmamas.org\/?p=2486"},"modified":"2024-09-24T12:16:33","modified_gmt":"2024-09-24T18:16:33","slug":"colorado-ranks-23rd-for-cleaner-electric-school-buses","status":"publish","type":"post","link":"https:\/\/www.mtnmamas.org\/sp\/colorado-ranks-23rd-for-cleaner-electric-school-buses\/","title":{"rendered":"NUEVO AN\u00c1LISIS: Colorado ocupa el puesto 23 en cuanto a autobuses escolares el\u00e9ctricos m\u00e1s limpios, con 144 aqu\u00ed o por llegar"},"content":{"rendered":"<section class=\"l-section wpb_row height_medium\"><div class=\"l-section-h i-cf\"><div class=\"g-cols vc_row via_flex valign_top type_default stacking_default\"><div class=\"vc_col-sm-12 wpb_column vc_column_container\"><div class=\"vc_column-inner\"><div class=\"wpb_wrapper\"><div class=\"g-cols wpb_row via_flex valign_top type_default stacking_default\"><div class=\"vc_col-sm-12 wpb_column vc_column_container\"><div class=\"vc_column-inner\"><div class=\"wpb_wrapper\"><div class=\"wpb_text_column\"><div class=\"wpb_wrapper\"><p><strong>Para publicaci\u00f3n inmediata:<\/strong><br \/>\nJueves 12 de septiembre de 2024<\/p>\n<p><strong>Contacto:<\/strong><\/p>\n<ul>\n<li>Danny Katz, Director Ejecutivo de la Fundaci\u00f3n CoPIRG, <a href=\"tel:608-215-0929\">608-215-0929<\/a>, <a href=\"mailto:\">danny@copirg.org<\/a><\/li>\n<li>Sara Kuntzler, directora del programa Mountain Mamas Colorado, <a href=\"tel:202-531-9568\">202-531-9568<\/a>, <a href=\"mailto:sarak@mtnmamas.org\">sarak@mtnmamas.org<\/a><\/li>\n<\/ul>\n<\/div><\/div><\/div><\/div><\/div><\/div><div class=\"wpb_text_column us_custom_e91f26ae\"><div class=\"wpb_wrapper\"><h4 style=\"text-align: center;\"><em>Los datos muestran que Colorado ocupa el puesto 19 con $76 millones de d\u00f3lares invertidos a nivel estatal y federal en la conversi\u00f3n de autobuses escolares el\u00e9ctricos.<\/em><\/h4>\n<\/div><\/div><div class=\"wpb_text_column\"><div class=\"wpb_wrapper\"><p><b>DENVER <\/b><span style=\"font-weight: 400;\">\u2013 144 autobuses escolares el\u00e9ctricos limpios est\u00e1n comprometidos, en camino o en funcionamiento en Colorado, <\/span><a href=\"https:\/\/pirg.org\/colorado\/foundation\/resources\/state-of-electric-school-buses\/\" target=\"_blank\" rel=\"noopener\"><span style=\"font-weight: 400;\">seg\u00fan un nuevo an\u00e1lisis<\/span><\/a><span style=\"font-weight: 400;\"> El informe, publicado el jueves por la Fundaci\u00f3n CoPIRG y el Centro de Pol\u00edtica e Investigaci\u00f3n de Environment Colorado, indica que Colorado ocupa el puesto 23 en el pa\u00eds en cuanto a la cantidad total de autobuses escolares el\u00e9ctricos y el puesto 19 a nivel nacional en cuanto a inversiones federales y estatales combinadas en flotas de autobuses el\u00e9ctricos. Con casi medio mill\u00f3n de autobuses escolares que transportan a ni\u00f1os de un lado a otro de los Estados Unidos este oto\u00f1o, los autobuses escolares el\u00e9ctricos han <\/span><a href=\"https:\/\/www.wri.org\/insights\/where-electric-school-buses-us\" target=\"_blank\" rel=\"noopener\"><span style=\"font-weight: 400;\">cero emisiones del tubo de escape<\/span><\/a><span style=\"font-weight: 400;\"> y por lo tanto ofrecen una alternativa m\u00e1s limpia y saludable que los autobuses di\u00e9sel tradicionales. <\/span><i><span style=\"font-weight: 400;\">\u00a0<\/span><\/i><\/p>\n<p><span style=\"font-weight: 400;\">\u201cDemasiados ni\u00f1os respiran contaminaci\u00f3n nociva todos los d\u00edas solo para ir y volver de la escuela. Los autobuses escolares el\u00e9ctricos eliminan esta amenaza para su salud\u201d. <\/span><b>dijo Sara Kuntzler, directora del programa Colorado de Mountain Mamas.<\/b><span style=\"font-weight: 400;\"> \u201cAplaudimos a los distritos escolares que han aprovechado miles de millones de d\u00f3lares estatales y federales para invertir en autobuses el\u00e9ctricos y proteger a nuestros ni\u00f1os, y esperamos que m\u00e1s funcionarios escolares de Colorado se lancen ahora que lo tienen frente a sus ojos\u201d.<\/span><\/p>\n<p><span style=\"font-weight: 400;\">\u201cNunca ha sido tan f\u00e1cil convertir flotas de autobuses totalmente el\u00e9ctricos\u201d <\/span><b>dicho <\/b><a href=\"https:\/\/pirg.org\/colorado\/foundation\/people\/danny-katz\/\" target=\"_blank\" rel=\"noopener\"><b>Danny Katz<\/b><\/a><b>, Director ejecutivo de la Fundaci\u00f3n CoPIRG.<\/b><span style=\"font-weight: 400;\"> \u201cLa seguridad de los estudiantes siempre es una prioridad, ya sea que est\u00e9n en el autob\u00fas o en la escuela. Garantizar que nuestros ni\u00f1os puedan respirar aire limpio y no contaminado es otro paso que debemos tomar para mantenerlos seguros, saludables y listos para aprender\u201d.<\/span><\/p>\n<p><span style=\"font-weight: 400;\">En agosto, 26 distritos escolares de Colorado ten\u00edan un compromiso de al menos un autob\u00fas escolar el\u00e9ctrico. A continuaci\u00f3n, se muestra un desglose de <\/span><a href=\"https:\/\/app.powerbi.com\/view?r=eyJrIjoiNDc5NTdkYzYtNWIxYS00ZjIwLWFhZDgtNjEyMDRhNjFmOGFmIiwidCI6IjQ3NmJhYzFmLTM2YjItNGFkOS04Njk5LWNkYTZiYWQxZjg2MiIsImMiOjF9\" target=\"_blank\" rel=\"noopener\"><span style=\"font-weight: 400;\">Compromisos de autobuses el\u00e9ctricos por distrito escolar en Colorado<\/span><\/a><span style=\"font-weight: 400;\">:<\/span><\/p>\n<ul>\n<li style=\"font-weight: 400;\" aria-level=\"1\"><span style=\"font-weight: 400;\">27 \u2013 Distrito Escolar del Valle de Boulder<\/span><\/li>\n<li style=\"font-weight: 400;\" aria-level=\"1\"><span style=\"font-weight: 400;\">23- Escuelas P\u00fablicas de Denver\u00a0<\/span><\/li>\n<li style=\"font-weight: 400;\" aria-level=\"1\"><span style=\"font-weight: 400;\">18 \u2013 Instituto de Escuelas Charter Estatales\u00a0<\/span><\/li>\n<li style=\"font-weight: 400;\" aria-level=\"1\"><span style=\"font-weight: 400;\">15 \u2013 Distrito escolar de Steamboat Springs<\/span><\/li>\n<li style=\"font-weight: 400;\" aria-level=\"1\"><span style=\"font-weight: 400;\">10 \u2013 Pueblo 70<\/span><\/li>\n<li style=\"font-weight: 400;\" aria-level=\"1\"><span style=\"font-weight: 400;\">7 \u2013 Distrito Conjunto Aurora N.\u00ba 28\u00a0<\/span><\/li>\n<li style=\"font-weight: 400;\" aria-level=\"1\"><span style=\"font-weight: 400;\">5 \u2013 Distrito escolar n.\u00ba 1 de Aspen; Distrito escolar de Summit<\/span><\/li>\n<li style=\"font-weight: 400;\" aria-level=\"1\"><span style=\"font-weight: 400;\">4 \u2013 Escuelas cinco estrellas Adams 12; Distrito escolar Thompson\u00a0<\/span><\/li>\n<li style=\"font-weight: 400;\" aria-level=\"1\"><span style=\"font-weight: 400;\">3 \u2013 Distrito escolar Big Sandy; Distrito escolar Poudre R-1; Distrito escolar West Grand<\/span><\/li>\n<li style=\"font-weight: 400;\" aria-level=\"1\"><span style=\"font-weight: 400;\">2 \u2013 Distrito escolar East Grand; Distrito escolar Foundation; Distrito escolar del condado de Kiowa; Distrito escolar reorganizado Primero<\/span><\/li>\n<li style=\"font-weight: 400;\" aria-level=\"1\"><span style=\"font-weight: 400;\">1 \u2013 Aspen Country Day School; Distrito escolar de Buena Vista; Distrito escolar de Durango; Distrito escolar de Hayden; Distrito escolar de Monte Vista; Distrito escolar de Roaring Fork; Distrito escolar de Sangre de Cristo; Distrito escolar de Sheridan; Distrito Weld 6 Greeley<\/span><\/li>\n<\/ul>\n<p><span style=\"font-weight: 400;\">Ya sea que transporten a los ni\u00f1os a la escuela, a excursiones o a eventos deportivos, <\/span><a href=\"https:\/\/app.powerbi.com\/view?r=eyJrIjoiYjkxMjhhYTktODJhYy00Y2U4LWExZjEtZWJlZTU5NDQzMDljIiwidCI6IjQ3NmJhYzFmLTM2YjItNGFkOS04Njk5LWNkYTZiYWQxZjg2MiIsImMiOjF9&amp;pageName=ReportSection2d146044457bb0c096d2\" target=\"_blank\" rel=\"noopener\"><span style=\"font-weight: 400;\">La mayor\u00eda de los autobuses escolares queman combustible di\u00e9sel.<\/span><\/a><span style=\"font-weight: 400;\">Esto expone a los ni\u00f1os y a los conductores a contaminantes nocivos que est\u00e1n relacionados con <\/span><a href=\"https:\/\/www.sciencedirect.com\/science\/article\/abs\/pii\/S0167629611000701#bib0190\" target=\"_blank\" rel=\"noopener\"><span style=\"font-weight: 400;\">Asma y otros problemas de salud<\/span><\/a><span style=\"font-weight: 400;\">, as\u00ed como <\/span><a href=\"https:\/\/www.sciencedirect.com\/science\/article\/abs\/pii\/S0272775719301530\" target=\"_blank\" rel=\"noopener\"><span style=\"font-weight: 400;\">Problemas de desarrollo cognitivo<\/span><\/a><span style=\"font-weight: 400;\">. <\/span><span style=\"font-weight: 400;\">Las emisiones de los autobuses di\u00e9sel tambi\u00e9n contribuyen al calentamiento global.\u00a0<\/span><\/p>\n<p><span style=\"font-weight: 400;\">En el comunicado de prensa, el Distrito Escolar 14 del Condado de Adams anunci\u00f3 un compromiso de 14 autobuses escolares el\u00e9ctricos, aumentando el total de autobuses limpios en el estado.<\/span><\/p>\n<p><span style=\"font-weight: 400;\">\u201cTodo lo que reduzca las emisiones de manera significativa es algo bueno, pero los esfuerzos para convertir las flotas de autobuses escolares en veh\u00edculos el\u00e9ctricos son particularmente significativos debido a la proximidad de los autobuses a los ni\u00f1os de nuestra comunidad\u201d.<\/span><b> dijo Eva Henry, vicepresidenta de la Junta de Comisionados del Condado de Adams<\/b><span style=\"font-weight: 400;\">\u201cLa menor contaminaci\u00f3n de los autobuses da como resultado una mejor calidad del aire alrededor de las escuelas y menos impactos negativos en la salud de los residentes m\u00e1s j\u00f3venes de nuestro condado. El condado de Adams est\u00e1 orgulloso de los distritos escolares y los defensores del clima que est\u00e1n tomando medidas importantes para proteger a sus estudiantes, familias y comunidades\u201d.<\/span><\/p>\n<p><span style=\"font-weight: 400;\">\u201cAs\u00ed es como se ve la justicia clim\u00e1tica\u201d, dijo <\/span><b>Lucy Molina, directora de la junta escolar del distrito escolar 14 del condado de Adams<\/b><span style=\"font-weight: 400;\">\u201cUna transici\u00f3n justa debe comenzar en comunidades hist\u00f3ricamente marginadas como la nuestra. Nuestro humilde distrito Adams 14 se encuentra en una de las comunidades m\u00e1s contaminadas del estado de Colorado. Es absolutamente necesario redirigir los recursos a donde m\u00e1s se necesitan, los fondos p\u00fablicos deben permanecer en el servicio p\u00fablico. \u00a1El futuro es ahora! Los autobuses el\u00e9ctricos en Adams 14 son un gran paso hacia el futuro, ya que sabemos que las escuelas p\u00fablicas carecen de fondos y carecemos de los recursos para cumplir con los objetivos estatales y federales de reducir las emisiones para 2050. Este es el primer paso hacia una transici\u00f3n justa y, con su ayuda, podemos convertirnos en un ejemplo positivo y un rayo de luz para la naci\u00f3n. Todos merecemos un soplo de aire fresco\u201d.<\/span><\/p>\n<p><span style=\"font-weight: 400;\">Seg\u00fan el <\/span><a href=\"https:\/\/electricschoolbusinitiative.org\/electric-school-bus-data-dashboard\" target=\"_blank\" rel=\"noopener\"><span style=\"font-weight: 400;\">Instituto de Recursos Mundiales<\/span><\/a><span style=\"font-weight: 400;\">En Estados Unidos ya hay 12.000 autobuses escolares el\u00e9ctricos en funcionamiento o que se instalar\u00e1n pr\u00f3ximamente en m\u00e1s de 1.500 distritos escolares. California, Nueva York e Illinois lideran el pa\u00eds en cuanto a cantidad total de autobuses el\u00e9ctricos y en lo que respecta a la inversi\u00f3n estatal y federal.\u00a0<\/span><\/p>\n<p><span style=\"font-weight: 400;\">La Fundaci\u00f3n CoPIRG y Mountain Mamas alientan a los distritos escolares a buscar agresivamente financiaci\u00f3n para veh\u00edculos el\u00e9ctricos para acelerar su conversi\u00f3n a una flota de autobuses escolares el\u00e9ctricos 100%. Los grupos tambi\u00e9n piden a los estados, gobiernos locales y empresas de servicios p\u00fablicos que aumenten la financiaci\u00f3n y reduzcan las barreras para estos autobuses escolares el\u00e9ctricos m\u00e1s limpios.\u00a0<\/span><\/p>\n<p><span style=\"font-weight: 400;\">Este oto\u00f1o habr\u00e1 oportunidades de financiaci\u00f3n adicionales de la EPA y del estado de Colorado. Puede encontrar m\u00e1s informaci\u00f3n en sus respectivos sitios web: <\/span><a href=\"https:\/\/www.epa.gov\/cleanschoolbus\" target=\"_blank\" rel=\"noopener\"><span style=\"font-weight: 400;\">Programa de Autobuses Escolares Limpios <\/span><\/a><span style=\"font-weight: 400;\">y <\/span><a href=\"https:\/\/cdphe.colorado.gov\/electric-school-buses\" target=\"_blank\" rel=\"noopener\"><span style=\"font-weight: 400;\">Programa de subvenciones para autobuses escolares el\u00e9ctricos de Colorado<\/span><\/a><span style=\"font-weight: 400;\">.\u00a0<\/span><\/p>\n<p><span style=\"font-weight: 400;\">###<\/span><\/p>\n<p><i><span style=\"font-weight: 400;\">Fundaci\u00f3n CoPIRG: a trav\u00e9s de la investigaci\u00f3n, la educaci\u00f3n p\u00fablica y la divulgaci\u00f3n, actuamos como contrapeso a la influencia de poderosos intereses especiales que amenazan nuestra salud, seguridad o bienestar. M\u00e1s informaci\u00f3n en<\/span><\/i><a href=\"http:\/\/www.copirgfoundation.org\/\" target=\"_blank\" rel=\"noopener\"> <i><span style=\"font-weight: 400;\">www.fundacioncopirg.org<\/span><\/i><\/a><\/p>\n<\/div><\/div><\/div><\/div><\/div><\/div><\/div><\/section>","protected":false},"excerpt":{"rendered":"Para publicaci\u00f3n inmediata: jueves 12 de septiembre de 2024 Contacto: Danny Katz, director ejecutivo de la Fundaci\u00f3n CoPIRG, 608-215-0929, danny@copirg.org Sara Kuntzler, gerente del programa Mountain Mamas Colorado, 202-531-9568, sarak@mtnmamas.org Los datos muestran que Colorado ocupa el puesto 19 con $76 millones de d\u00f3lares estatales y federales invertidos en la conversi\u00f3n de autobuses escolares el\u00e9ctricos. DENVER \u2013 144 autobuses escolares el\u00e9ctricos limpios est\u00e1n comprometidos, en camino o...","protected":false},"author":16,"featured_media":2471,"comment_status":"closed","ping_status":"open","sticky":false,"template":"","format":"standard","meta":{"footnotes":""},"categories":[28],"tags":[],"class_list":["post-2486","post","type-post","status-publish","format-standard","has-post-thumbnail","hentry","category-press-release"],"yoast_head":"<!-- This site is optimized with the Yoast SEO plugin v27.5 - https:\/\/yoast.com\/product\/yoast-seo-wordpress\/ -->\n<title>NEW ANALYSIS: Colorado ranks 23rd for cleaner electric school buses with 144 here or coming soon - Mountain Mamas<\/title>\n<meta name=\"robots\" content=\"index, follow, max-snippet:-1, max-image-preview:large, max-video-preview:-1\" \/>\n<link rel=\"canonical\" href=\"https:\/\/www.mtnmamas.org\/sp\/colorado-ranks-23rd-for-cleaner-electric-school-buses\/\" \/>\n<meta property=\"og:locale\" content=\"es_MX\" \/>\n<meta property=\"og:type\" content=\"article\" \/>\n<meta property=\"og:title\" content=\"NEW ANALYSIS: Colorado ranks 23rd for cleaner electric school buses with 144 here or coming soon - Mountain Mamas\" \/>\n<meta property=\"og:url\" content=\"https:\/\/www.mtnmamas.org\/sp\/colorado-ranks-23rd-for-cleaner-electric-school-buses\/\" \/>\n<meta property=\"og:site_name\" content=\"Mountain Mamas\" \/>\n<meta property=\"article:publisher\" content=\"https:\/\/www.facebook.com\/MtnMamasOrg\/\" \/>\n<meta property=\"article:published_time\" content=\"2024-09-12T18:16:05+00:00\" \/>\n<meta property=\"article:modified_time\" content=\"2024-09-24T18:16:33+00:00\" \/>\n<meta property=\"og:image\" content=\"https:\/\/www.mtnmamas.org\/wp-content\/uploads\/2024\/07\/school-bus.jpg\" \/>\n\t<meta property=\"og:image:width\" content=\"2000\" \/>\n\t<meta property=\"og:image:height\" content=\"1969\" \/>\n\t<meta property=\"og:image:type\" content=\"image\/jpeg\" \/>\n<meta name=\"author\" content=\"Mountain Mamas\" \/>\n<meta name=\"twitter:card\" content=\"summary_large_image\" \/>\n<meta name=\"twitter:creator\" content=\"@MtnMamasOrg\" \/>\n<meta name=\"twitter:site\" content=\"@MtnMamasOrg\" \/>\n<meta name=\"twitter:label1\" content=\"Escrito por\" \/>\n\t<meta name=\"twitter:data1\" content=\"Mountain Mamas\" \/>\n\t<meta name=\"twitter:label2\" content=\"Tiempo de lectura\" \/>\n\t<meta name=\"twitter:data2\" content=\"5 minutos\" \/>\n<script type=\"application\/ld+json\" class=\"yoast-schema-graph\">{\"@context\":\"https:\\\/\\\/schema.org\",\"@graph\":[{\"@type\":\"Article\",\"@id\":\"https:\\\/\\\/www.mtnmamas.org\\\/colorado-ranks-23rd-for-cleaner-electric-school-buses\\\/#article\",\"isPartOf\":{\"@id\":\"https:\\\/\\\/www.mtnmamas.org\\\/colorado-ranks-23rd-for-cleaner-electric-school-buses\\\/\"},\"author\":{\"name\":\"Mountain Mamas\",\"@id\":\"https:\\\/\\\/www.mtnmamas.org\\\/#\\\/schema\\\/person\\\/24278c6e2b6161aea859fefe906ef378\"},\"headline\":\"NEW ANALYSIS: Colorado ranks 23rd for cleaner electric school buses with 144 here or coming soon\",\"datePublished\":\"2024-09-12T18:16:05+00:00\",\"dateModified\":\"2024-09-24T18:16:33+00:00\",\"mainEntityOfPage\":{\"@id\":\"https:\\\/\\\/www.mtnmamas.org\\\/colorado-ranks-23rd-for-cleaner-electric-school-buses\\\/\"},\"wordCount\":938,\"publisher\":{\"@id\":\"https:\\\/\\\/www.mtnmamas.org\\\/#organization\"},\"image\":{\"@id\":\"https:\\\/\\\/www.mtnmamas.org\\\/colorado-ranks-23rd-for-cleaner-electric-school-buses\\\/#primaryimage\"},\"thumbnailUrl\":\"https:\\\/\\\/www.mtnmamas.org\\\/wp-content\\\/uploads\\\/2024\\\/07\\\/school-bus.jpg\",\"articleSection\":[\"Press Release\"],\"inLanguage\":\"es\"},{\"@type\":\"WebPage\",\"@id\":\"https:\\\/\\\/www.mtnmamas.org\\\/colorado-ranks-23rd-for-cleaner-electric-school-buses\\\/\",\"url\":\"https:\\\/\\\/www.mtnmamas.org\\\/colorado-ranks-23rd-for-cleaner-electric-school-buses\\\/\",\"name\":\"NEW ANALYSIS: Colorado ranks 23rd for cleaner electric school buses with 144 here or coming soon - Mountain Mamas\",\"isPartOf\":{\"@id\":\"https:\\\/\\\/www.mtnmamas.org\\\/#website\"},\"primaryImageOfPage\":{\"@id\":\"https:\\\/\\\/www.mtnmamas.org\\\/colorado-ranks-23rd-for-cleaner-electric-school-buses\\\/#primaryimage\"},\"image\":{\"@id\":\"https:\\\/\\\/www.mtnmamas.org\\\/colorado-ranks-23rd-for-cleaner-electric-school-buses\\\/#primaryimage\"},\"thumbnailUrl\":\"https:\\\/\\\/www.mtnmamas.org\\\/wp-content\\\/uploads\\\/2024\\\/07\\\/school-bus.jpg\",\"datePublished\":\"2024-09-12T18:16:05+00:00\",\"dateModified\":\"2024-09-24T18:16:33+00:00\",\"breadcrumb\":{\"@id\":\"https:\\\/\\\/www.mtnmamas.org\\\/colorado-ranks-23rd-for-cleaner-electric-school-buses\\\/#breadcrumb\"},\"inLanguage\":\"es\",\"potentialAction\":[{\"@type\":\"ReadAction\",\"target\":[\"https:\\\/\\\/www.mtnmamas.org\\\/colorado-ranks-23rd-for-cleaner-electric-school-buses\\\/\"]}]},{\"@type\":\"ImageObject\",\"inLanguage\":\"es\",\"@id\":\"https:\\\/\\\/www.mtnmamas.org\\\/colorado-ranks-23rd-for-cleaner-electric-school-buses\\\/#primaryimage\",\"url\":\"https:\\\/\\\/www.mtnmamas.org\\\/wp-content\\\/uploads\\\/2024\\\/07\\\/school-bus.jpg\",\"contentUrl\":\"https:\\\/\\\/www.mtnmamas.org\\\/wp-content\\\/uploads\\\/2024\\\/07\\\/school-bus.jpg\",\"width\":2000,\"height\":1969,\"caption\":\"school busses lined up\"},{\"@type\":\"BreadcrumbList\",\"@id\":\"https:\\\/\\\/www.mtnmamas.org\\\/colorado-ranks-23rd-for-cleaner-electric-school-buses\\\/#breadcrumb\",\"itemListElement\":[{\"@type\":\"ListItem\",\"position\":1,\"name\":\"Home\",\"item\":\"https:\\\/\\\/www.mtnmamas.org\\\/\"},{\"@type\":\"ListItem\",\"position\":2,\"name\":\"NEW ANALYSIS: Colorado ranks 23rd for cleaner electric school buses with 144 here or coming soon\"}]},{\"@type\":\"WebSite\",\"@id\":\"https:\\\/\\\/www.mtnmamas.org\\\/#website\",\"url\":\"https:\\\/\\\/www.mtnmamas.org\\\/\",\"name\":\"Mountain Mamas\",\"description\":\"\",\"publisher\":{\"@id\":\"https:\\\/\\\/www.mtnmamas.org\\\/#organization\"},\"potentialAction\":[{\"@type\":\"SearchAction\",\"target\":{\"@type\":\"EntryPoint\",\"urlTemplate\":\"https:\\\/\\\/www.mtnmamas.org\\\/?s={search_term_string}\"},\"query-input\":{\"@type\":\"PropertyValueSpecification\",\"valueRequired\":true,\"valueName\":\"search_term_string\"}}],\"inLanguage\":\"es\"},{\"@type\":\"Organization\",\"@id\":\"https:\\\/\\\/www.mtnmamas.org\\\/#organization\",\"name\":\"Mountain Mamas\",\"url\":\"https:\\\/\\\/www.mtnmamas.org\\\/\",\"logo\":{\"@type\":\"ImageObject\",\"inLanguage\":\"es\",\"@id\":\"https:\\\/\\\/www.mtnmamas.org\\\/#\\\/schema\\\/logo\\\/image\\\/\",\"url\":\"https:\\\/\\\/www.mtnmamas.org\\\/wp-content\\\/uploads\\\/2019\\\/12\\\/MountainMamas_Logo_BlueRed.png\",\"contentUrl\":\"https:\\\/\\\/www.mtnmamas.org\\\/wp-content\\\/uploads\\\/2019\\\/12\\\/MountainMamas_Logo_BlueRed.png\",\"width\":849,\"height\":644,\"caption\":\"Mountain Mamas\"},\"image\":{\"@id\":\"https:\\\/\\\/www.mtnmamas.org\\\/#\\\/schema\\\/logo\\\/image\\\/\"},\"sameAs\":[\"https:\\\/\\\/www.facebook.com\\\/MtnMamasOrg\\\/\",\"https:\\\/\\\/x.com\\\/MtnMamasOrg\",\"https:\\\/\\\/www.instagram.com\\\/MtnMamasOrg\\\/\",\"https:\\\/\\\/www.youtube.com\\\/channel\\\/UCkfMCLwtylR_HK4NQG_hQdA\"]},{\"@type\":\"Person\",\"@id\":\"https:\\\/\\\/www.mtnmamas.org\\\/#\\\/schema\\\/person\\\/24278c6e2b6161aea859fefe906ef378\",\"name\":\"Mountain Mamas\",\"image\":{\"@type\":\"ImageObject\",\"inLanguage\":\"es\",\"@id\":\"https:\\\/\\\/secure.gravatar.com\\\/avatar\\\/347834bfa35f6eae5c34341f84567d06c1795c9815ede1aaf2522df9e0ef157c?s=96&d=mm&r=g\",\"url\":\"https:\\\/\\\/secure.gravatar.com\\\/avatar\\\/347834bfa35f6eae5c34341f84567d06c1795c9815ede1aaf2522df9e0ef157c?s=96&d=mm&r=g\",\"contentUrl\":\"https:\\\/\\\/secure.gravatar.com\\\/avatar\\\/347834bfa35f6eae5c34341f84567d06c1795c9815ede1aaf2522df9e0ef157c?s=96&d=mm&r=g\",\"caption\":\"Mountain Mamas\"},\"url\":\"https:\\\/\\\/www.mtnmamas.org\\\/sp\\\/author\\\/mtn_mamas_\\\/\"}]}<\/script>\n<!-- \/ Yoast SEO plugin. -->","yoast_head_json":{"title":"NEW ANALYSIS: Colorado ranks 23rd for cleaner electric school buses with 144 here or coming soon - Mountain Mamas","robots":{"index":"index","follow":"follow","max-snippet":"max-snippet:-1","max-image-preview":"max-image-preview:large","max-video-preview":"max-video-preview:-1"},"canonical":"https:\/\/www.mtnmamas.org\/sp\/colorado-ranks-23rd-for-cleaner-electric-school-buses\/","og_locale":"es_MX","og_type":"article","og_title":"NEW ANALYSIS: Colorado ranks 23rd for cleaner electric school buses with 144 here or coming soon - Mountain Mamas","og_url":"https:\/\/www.mtnmamas.org\/sp\/colorado-ranks-23rd-for-cleaner-electric-school-buses\/","og_site_name":"Mountain Mamas","article_publisher":"https:\/\/www.facebook.com\/MtnMamasOrg\/","article_published_time":"2024-09-12T18:16:05+00:00","article_modified_time":"2024-09-24T18:16:33+00:00","og_image":[{"width":2000,"height":1969,"url":"https:\/\/www.mtnmamas.org\/wp-content\/uploads\/2024\/07\/school-bus.jpg","type":"image\/jpeg"}],"author":"Mountain Mamas","twitter_card":"summary_large_image","twitter_creator":"@MtnMamasOrg","twitter_site":"@MtnMamasOrg","twitter_misc":{"Escrito por":"Mountain Mamas","Tiempo de lectura":"5 minutos"},"schema":{"@context":"https:\/\/schema.org","@graph":[{"@type":"Article","@id":"https:\/\/www.mtnmamas.org\/colorado-ranks-23rd-for-cleaner-electric-school-buses\/#article","isPartOf":{"@id":"https:\/\/www.mtnmamas.org\/colorado-ranks-23rd-for-cleaner-electric-school-buses\/"},"author":{"name":"Mountain Mamas","@id":"https:\/\/www.mtnmamas.org\/#\/schema\/person\/24278c6e2b6161aea859fefe906ef378"},"headline":"NEW ANALYSIS: Colorado ranks 23rd for cleaner electric school buses with 144 here or coming soon","datePublished":"2024-09-12T18:16:05+00:00","dateModified":"2024-09-24T18:16:33+00:00","mainEntityOfPage":{"@id":"https:\/\/www.mtnmamas.org\/colorado-ranks-23rd-for-cleaner-electric-school-buses\/"},"wordCount":938,"publisher":{"@id":"https:\/\/www.mtnmamas.org\/#organization"},"image":{"@id":"https:\/\/www.mtnmamas.org\/colorado-ranks-23rd-for-cleaner-electric-school-buses\/#primaryimage"},"thumbnailUrl":"https:\/\/www.mtnmamas.org\/wp-content\/uploads\/2024\/07\/school-bus.jpg","articleSection":["Press Release"],"inLanguage":"es"},{"@type":"WebPage","@id":"https:\/\/www.mtnmamas.org\/colorado-ranks-23rd-for-cleaner-electric-school-buses\/","url":"https:\/\/www.mtnmamas.org\/colorado-ranks-23rd-for-cleaner-electric-school-buses\/","name":"NEW ANALYSIS: Colorado ranks 23rd for cleaner electric school buses with 144 here or coming soon - Mountain Mamas","isPartOf":{"@id":"https:\/\/www.mtnmamas.org\/#website"},"primaryImageOfPage":{"@id":"https:\/\/www.mtnmamas.org\/colorado-ranks-23rd-for-cleaner-electric-school-buses\/#primaryimage"},"image":{"@id":"https:\/\/www.mtnmamas.org\/colorado-ranks-23rd-for-cleaner-electric-school-buses\/#primaryimage"},"thumbnailUrl":"https:\/\/www.mtnmamas.org\/wp-content\/uploads\/2024\/07\/school-bus.jpg","datePublished":"2024-09-12T18:16:05+00:00","dateModified":"2024-09-24T18:16:33+00:00","breadcrumb":{"@id":"https:\/\/www.mtnmamas.org\/colorado-ranks-23rd-for-cleaner-electric-school-buses\/#breadcrumb"},"inLanguage":"es","potentialAction":[{"@type":"ReadAction","target":["https:\/\/www.mtnmamas.org\/colorado-ranks-23rd-for-cleaner-electric-school-buses\/"]}]},{"@type":"ImageObject","inLanguage":"es","@id":"https:\/\/www.mtnmamas.org\/colorado-ranks-23rd-for-cleaner-electric-school-buses\/#primaryimage","url":"https:\/\/www.mtnmamas.org\/wp-content\/uploads\/2024\/07\/school-bus.jpg","contentUrl":"https:\/\/www.mtnmamas.org\/wp-content\/uploads\/2024\/07\/school-bus.jpg","width":2000,"height":1969,"caption":"school busses lined up"},{"@type":"BreadcrumbList","@id":"https:\/\/www.mtnmamas.org\/colorado-ranks-23rd-for-cleaner-electric-school-buses\/#breadcrumb","itemListElement":[{"@type":"ListItem","position":1,"name":"Home","item":"https:\/\/www.mtnmamas.org\/"},{"@type":"ListItem","position":2,"name":"NEW ANALYSIS: Colorado ranks 23rd for cleaner electric school buses with 144 here or coming soon"}]},{"@type":"WebSite","@id":"https:\/\/www.mtnmamas.org\/#website","url":"https:\/\/www.mtnmamas.org\/","name":"Mam\u00e1s de monta\u00f1a","description":"","publisher":{"@id":"https:\/\/www.mtnmamas.org\/#organization"},"potentialAction":[{"@type":"SearchAction","target":{"@type":"EntryPoint","urlTemplate":"https:\/\/www.mtnmamas.org\/?s={search_term_string}"},"query-input":{"@type":"PropertyValueSpecification","valueRequired":true,"valueName":"search_term_string"}}],"inLanguage":"es"},{"@type":"Organization","@id":"https:\/\/www.mtnmamas.org\/#organization","name":"Mam\u00e1s de monta\u00f1a","url":"https:\/\/www.mtnmamas.org\/","logo":{"@type":"ImageObject","inLanguage":"es","@id":"https:\/\/www.mtnmamas.org\/#\/schema\/logo\/image\/","url":"https:\/\/www.mtnmamas.org\/wp-content\/uploads\/2019\/12\/MountainMamas_Logo_BlueRed.png","contentUrl":"https:\/\/www.mtnmamas.org\/wp-content\/uploads\/2019\/12\/MountainMamas_Logo_BlueRed.png","width":849,"height":644,"caption":"Mountain Mamas"},"image":{"@id":"https:\/\/www.mtnmamas.org\/#\/schema\/logo\/image\/"},"sameAs":["https:\/\/www.facebook.com\/MtnMamasOrg\/","https:\/\/x.com\/MtnMamasOrg","https:\/\/www.instagram.com\/MtnMamasOrg\/","https:\/\/www.youtube.com\/channel\/UCkfMCLwtylR_HK4NQG_hQdA"]},{"@type":"Person","@id":"https:\/\/www.mtnmamas.org\/#\/schema\/person\/24278c6e2b6161aea859fefe906ef378","name":"Mam\u00e1s de monta\u00f1a","image":{"@type":"ImageObject","inLanguage":"es","@id":"https:\/\/secure.gravatar.com\/avatar\/347834bfa35f6eae5c34341f84567d06c1795c9815ede1aaf2522df9e0ef157c?s=96&d=mm&r=g","url":"https:\/\/secure.gravatar.com\/avatar\/347834bfa35f6eae5c34341f84567d06c1795c9815ede1aaf2522df9e0ef157c?s=96&d=mm&r=g","contentUrl":"https:\/\/secure.gravatar.com\/avatar\/347834bfa35f6eae5c34341f84567d06c1795c9815ede1aaf2522df9e0ef157c?s=96&d=mm&r=g","caption":"Mountain Mamas"},"url":"https:\/\/www.mtnmamas.org\/sp\/author\/mtn_mamas_\/"}]}},"_links":{"self":[{"href":"https:\/\/www.mtnmamas.org\/sp\/wp-json\/wp\/v2\/posts\/2486","targetHints":{"allow":["GET"]}}],"collection":[{"href":"https:\/\/www.mtnmamas.org\/sp\/wp-json\/wp\/v2\/posts"}],"about":[{"href":"https:\/\/www.mtnmamas.org\/sp\/wp-json\/wp\/v2\/types\/post"}],"author":[{"embeddable":true,"href":"https:\/\/www.mtnmamas.org\/sp\/wp-json\/wp\/v2\/users\/16"}],"replies":[{"embeddable":true,"href":"https:\/\/www.mtnmamas.org\/sp\/wp-json\/wp\/v2\/comments?post=2486"}],"version-history":[{"count":5,"href":"https:\/\/www.mtnmamas.org\/sp\/wp-json\/wp\/v2\/posts\/2486\/revisions"}],"predecessor-version":[{"id":2490,"href":"https:\/\/www.mtnmamas.org\/sp\/wp-json\/wp\/v2\/posts\/2486\/revisions\/2490"}],"wp:featuredmedia":[{"embeddable":true,"href":"https:\/\/www.mtnmamas.org\/sp\/wp-json\/wp\/v2\/media\/2471"}],"wp:attachment":[{"href":"https:\/\/www.mtnmamas.org\/sp\/wp-json\/wp\/v2\/media?parent=2486"}],"wp:term":[{"taxonomy":"category","embeddable":true,"href":"https:\/\/www.mtnmamas.org\/sp\/wp-json\/wp\/v2\/categories?post=2486"},{"taxonomy":"post_tag","embeddable":true,"href":"https:\/\/www.mtnmamas.org\/sp\/wp-json\/wp\/v2\/tags?post=2486"}],"curies":[{"name":"wp","href":"https:\/\/api.w.org\/{rel}","templated":true}]}}