{"id":2025,"date":"2023-03-28T11:13:12","date_gmt":"2023-03-28T17:13:12","guid":{"rendered":"https:\/\/www.mtnmamas.org\/?p=2025"},"modified":"2023-03-29T08:09:19","modified_gmt":"2023-03-29T14:09:19","slug":"climate-activism-as-a-possible-solution-to-parents-climate-grief","status":"publish","type":"post","link":"https:\/\/www.mtnmamas.org\/sp\/climate-activism-as-a-possible-solution-to-parents-climate-grief\/","title":{"rendered":"El activismo clim\u00e1tico como posible soluci\u00f3n al dolor clim\u00e1tico de los padres"},"content":{"rendered":"<section class=\"l-section wpb_row us_custom_5cd26a65 height_medium\"><div class=\"l-section-h i-cf\"><div class=\"g-cols vc_row via_flex valign_top type_default stacking_default\"><div class=\"vc_col-sm-12 wpb_column vc_column_container\"><div class=\"vc_column-inner us_custom_b91424ac\"><div class=\"wpb_wrapper\"><div class=\"wpb_text_column us_custom_1a4f1d2e\"><div class=\"wpb_wrapper\"><h5 style=\"font-size: 18px;\">Autor: Natalia Ekberg<\/h5>\n<p><span style=\"font-size: 18px;\">Despu\u00e9s de leer el informe anual de 2018 de la ONU sobre el cambio clim\u00e1tico y sentir desesperaci\u00f3n por las perspectivas para mi familia y la humanidad en general, ca\u00ed en una espiral de depresi\u00f3n. Para una persona optimista y positiva como yo, fue una experiencia dif\u00edcil y no estaba sola.<\/span><\/p>\n<p style=\"text-align: center;\"><strong>Una encuesta de 2019 realizada por el <a href=\"https:\/\/www.apa.org\/monitor\/2021\/03\/ce-climate-change\" target=\"_blank\" rel=\"noopener\">Asociacion Americana de Psicologia<\/a> revel\u00f3 que:<\/strong><\/p>\n<\/div><\/div><\/div><\/div><\/div><div class=\"vc_col-sm-12 wpb_column vc_column_container\"><div class=\"vc_column-inner\"><div class=\"wpb_wrapper\"><div class=\"w-iconbox us_custom_a14df4c2 iconpos_top style_default color_primary align_center no_title\"><div class=\"w-iconbox-icon\" style=\"font-size:20px;\"><\/div><div class=\"w-iconbox-meta\"><div class=\"w-iconbox-text\"><p>\u201cEl 681% de los adultos estadounidenses sienten al menos un poco de ansiedad por el cambio clim\u00e1tico. Y casi la mitad (471%) de los j\u00f3venes encuestados de entre 18 y 34 a\u00f1os dijeron que su ansiedad por el clima estaba afectando su vida diaria\u201d.<\/p>\n<\/div><\/div><\/div><\/div><\/div><\/div><div class=\"vc_col-sm-12 wpb_column vc_column_container\"><div class=\"vc_column-inner\"><div class=\"wpb_wrapper\"><div class=\"wpb_text_column us_custom_629fb160\"><div class=\"wpb_wrapper\"><p>Muchos padres sienten que tienen la responsabilidad de brindarles a sus hijos un futuro brillante, lleno de posibilidades y sue\u00f1os. Experimentar depresi\u00f3n y sentirse derrotado por la crisis clim\u00e1tica hasta el punto de paralizarnos no es una forma sostenible de vivir la vida y abrazar la alegr\u00eda de criar hijos. Decid\u00ed involucrarme en el activismo clim\u00e1tico y encontrar la manera de hacerlo de la manera m\u00e1s eficiente porque, como saben, los padres son posiblemente las personas m\u00e1s ocupadas del mundo.<\/p>\n<p><img loading=\"lazy\" decoding=\"async\" class=\"alignright wp-image-2028\" style=\"margin-bottom: 20px; margin-top: 20px;\" src=\"https:\/\/www.mtnmamas.org\/wp-content\/uploads\/2023\/03\/Mountain-Mamas-DC.jpg\" alt=\"Mountain mamas pose with Congressman in Washington D.C.\" width=\"400\" height=\"328\" srcset=\"https:\/\/www.mtnmamas.org\/wp-content\/uploads\/2023\/03\/Mountain-Mamas-DC.jpg 2200w, https:\/\/www.mtnmamas.org\/wp-content\/uploads\/2023\/03\/Mountain-Mamas-DC-300x246.jpg 300w, https:\/\/www.mtnmamas.org\/wp-content\/uploads\/2023\/03\/Mountain-Mamas-DC-1024x840.jpg 1024w, https:\/\/www.mtnmamas.org\/wp-content\/uploads\/2023\/03\/Mountain-Mamas-DC-15x12.jpg 15w, https:\/\/www.mtnmamas.org\/wp-content\/uploads\/2023\/03\/Mountain-Mamas-DC-488x400.jpg 488w\" sizes=\"auto, (max-width: 400px) 100vw, 400px\" \/>Me siento afortunada de haber fundado Mountain Mamas, una organizaci\u00f3n sin fines de lucro en Montana y Colorado cuya misi\u00f3n es organizar, inspirar y activar a Mamas en las Monta\u00f1as Rocosas para defender nuestro clima, aire y agua limpios y tierras p\u00fablicas. Lo que he experimentado desde el principio con este grupo es una cultura de inclusi\u00f3n, camarader\u00eda entre madres y el poder de la acci\u00f3n organizada impulsada por el amor por nuestros hermosos estados, la pasi\u00f3n por proteger el futuro de nuestros hijos y una amplia experiencia pol\u00edtica en la navegaci\u00f3n del proceso legislativo.<\/p>\n<\/div><\/div><div class=\"wpb_text_column us_custom_8669ee52\"><div class=\"wpb_wrapper\"><p>No hubo barreras para que alguien sin experiencia pol\u00edtica previa participara en trabajo de defensa gracias al excelente trabajo educativo del personal, minimizando el tiempo de los voluntarios en su espacio de testimonio y acomodando los horarios ocupados de los padres. Mis compromisos como voluntario duraron de una hora a cuatro horas al mes en promedio e incluyeron diferentes tipos de compromiso: firmar peticiones, hacer llamadas a funcionarios electos, testificar ante agencias gubernamentales, compartir fotograf\u00edas para campa\u00f1as p\u00fablicas y ejercer presi\u00f3n sobre proyectos de ley amigables con el clima con los electos. funcionarios.<\/p>\n<p><img loading=\"lazy\" decoding=\"async\" class=\"alignleft wp-image-2029 size-medium\" style=\"margin-bottom: 20px;\" src=\"https:\/\/www.mtnmamas.org\/wp-content\/uploads\/2023\/03\/mtn-mams-protect-the-future.jpg\" alt=\"Mountain Mamas hiking on remote public trail\" width=\"225\" height=\"300\" srcset=\"https:\/\/www.mtnmamas.org\/wp-content\/uploads\/2023\/03\/mtn-mams-protect-the-future.jpg 1728w, https:\/\/www.mtnmamas.org\/wp-content\/uploads\/2023\/03\/mtn-mams-protect-the-future-225x300.jpg 225w, https:\/\/www.mtnmamas.org\/wp-content\/uploads\/2023\/03\/mtn-mams-protect-the-future-768x1024.jpg 768w, https:\/\/www.mtnmamas.org\/wp-content\/uploads\/2023\/03\/mtn-mams-protect-the-future-9x12.jpg 9w, https:\/\/www.mtnmamas.org\/wp-content\/uploads\/2023\/03\/mtn-mams-protect-the-future-300x400.jpg 300w\" sizes=\"auto, (max-width: 225px) 100vw, 225px\" \/>Mi mayor descubrimiento ha sido el nivel de importancia de las voces de los padres y sus historias clim\u00e1ticas. Tuve la oportunidad de verlo amplificado durante un viaje en febrero de 2023 a Washington DC con personal de Colorado y Montana y una delegaci\u00f3n de voluntarios para defender y cabildear por la protecci\u00f3n de las tierras p\u00fablicas. Cuando me reun\u00ed con el personal de los congresistas, compart\u00ed mi propia preocupaci\u00f3n sobre la desconexi\u00f3n de la naturaleza que muchos ni\u00f1os est\u00e1n experimentando hoy en d\u00eda, incluso sufriendo de &quot;trastorno por d\u00e9ficit de naturaleza&quot;, y lo crucial que es para nuestra familia criar ni\u00f1os con exposici\u00f3n regular a la naturaleza. e instalar un v\u00ednculo emocional con la tierra para un sentido de pertenencia, beneficios para la salud f\u00edsica y mental y valor educativo. Las familias interculturales y aquellas con adolescentes y ni\u00f1os peque\u00f1os ofrecieron sus propias perspectivas.<\/p>\n<\/div><\/div><div class=\"wpb_text_column us_custom_5946e9a9\"><div class=\"wpb_wrapper\"><p>Nuestras historias personales importan porque son una de las formas m\u00e1s eficaces de comunicar nuestros valores y porque relacionarnos con los funcionarios electos como seres humanos habla de la apreciaci\u00f3n compartida por la familia y la vida al aire libre en todos los espectros pol\u00edticos. La mayor\u00eda de los miembros del personal de las oficinas del Congreso nos agradecieron por tomarnos el tiempo de visitarlos para elevar las voces de los padres de Colorado a favor de la protecci\u00f3n de las tierras p\u00fablicas y destacaron la importancia de esas interacciones.<\/p>\n<p><img loading=\"lazy\" decoding=\"async\" class=\"alignright wp-image-2027\" style=\"margin-top: 20px; margin-bottom: 20px;\" src=\"https:\/\/www.mtnmamas.org\/wp-content\/uploads\/2023\/03\/Mountain-Mamas-Capitol.jpg\" alt=\"Mountain Mamas pose in front of the capitol building in D.C.\" width=\"400\" height=\"400\" srcset=\"https:\/\/www.mtnmamas.org\/wp-content\/uploads\/2023\/03\/Mountain-Mamas-Capitol.jpg 1085w, https:\/\/www.mtnmamas.org\/wp-content\/uploads\/2023\/03\/Mountain-Mamas-Capitol-300x300.jpg 300w, https:\/\/www.mtnmamas.org\/wp-content\/uploads\/2023\/03\/Mountain-Mamas-Capitol-1024x1024.jpg 1024w, https:\/\/www.mtnmamas.org\/wp-content\/uploads\/2023\/03\/Mountain-Mamas-Capitol-150x150.jpg 150w, https:\/\/www.mtnmamas.org\/wp-content\/uploads\/2023\/03\/Mountain-Mamas-Capitol-12x12.jpg 12w, https:\/\/www.mtnmamas.org\/wp-content\/uploads\/2023\/03\/Mountain-Mamas-Capitol-400x400.jpg 400w\" sizes=\"auto, (max-width: 400px) 100vw, 400px\" \/>Lo que he ganado hasta ahora con el activismo clim\u00e1tico es bastante valioso. Gracias a este trabajo, mi ansiedad tuvo una voz y una forma de transformarla en acci\u00f3n. Me siento capacitado para levantar un tel\u00e9fono y llamar a un senador y exigirle apoyo para un proyecto de ley sobre el clima. Ahora tengo la oportunidad de canalizar mi miedo diario a la terrible calidad del aire en mi comunidad y sus implicaciones para la salud de mis hijos en un testimonio ante la agencia que puede endurecer las regulaciones. Y lo que es m\u00e1s importante, ahora tengo una comunidad maravillosa de compa\u00f1eras mam\u00e1s que colectivamente est\u00e1n tomando asiento en la mesa donde se toman las decisiones para el futuro de nuestros hijos.<\/p>\n<\/div><\/div><div class=\"wpb_text_column us_custom_bdb0b69b\"><div class=\"wpb_wrapper\"><p><span style=\"font-size: 18px;\">Si la crisis clim\u00e1tica pesa mucho sobre sus hombros, el activismo clim\u00e1tico podr\u00eda ser una respuesta, y grupos como Mountain Mamas pueden servirle de gu\u00eda. \u00a1Dale una oportunidad y mira c\u00f3mo te va!<\/span><\/p>\n<p><strong>Natalia Ekberg<br \/>\n@raisegeneco<br \/>\n<\/strong><\/p>\n<\/div><\/div><\/div><\/div><\/div><\/div><\/div><\/section>","protected":false},"excerpt":{"rendered":"Autora: Natalia Ekberg Despu\u00e9s de leer el informe anual 2018 de la ONU sobre el cambio clim\u00e1tico y sentir desesperaci\u00f3n por las perspectivas para mi familia y la humanidad en general, ca\u00ed en una espiral de depresi\u00f3n. Para una persona optimista y positiva como yo, fue una experiencia dif\u00edcil, y no estaba sola. Una encuesta de 2019 de la Asociaci\u00f3n Estadounidense de Psicolog\u00eda...","protected":false},"author":16,"featured_media":2028,"comment_status":"closed","ping_status":"closed","sticky":false,"template":"","format":"standard","meta":{"footnotes":""},"categories":[1],"tags":[],"class_list":["post-2025","post","type-post","status-publish","format-standard","has-post-thumbnail","hentry","category-uncategorized"],"yoast_head":"<!-- This site is optimized with the Yoast SEO plugin v27.5 - https:\/\/yoast.com\/product\/yoast-seo-wordpress\/ -->\n<title>Climate Activism as a Possible Solution to Parents` Climate Grief - Mountain Mamas<\/title>\n<meta name=\"description\" content=\"A Darker Wilderness reminds Mountain Mamas the frame of nature and wilderness must include Black voices, experiences, and understandings.\" \/>\n<meta name=\"robots\" content=\"index, follow, max-snippet:-1, max-image-preview:large, max-video-preview:-1\" \/>\n<link rel=\"canonical\" href=\"https:\/\/www.mtnmamas.org\/sp\/climate-activism-as-a-possible-solution-to-parents-climate-grief\/\" \/>\n<meta property=\"og:locale\" content=\"es_MX\" \/>\n<meta property=\"og:type\" content=\"article\" \/>\n<meta property=\"og:title\" content=\"Climate Activism as a Possible Solution to Parents` Climate Grief - Mountain Mamas\" \/>\n<meta property=\"og:description\" content=\"A Darker Wilderness reminds Mountain Mamas the frame of nature and wilderness must include Black voices, experiences, and understandings.\" \/>\n<meta property=\"og:url\" content=\"https:\/\/www.mtnmamas.org\/sp\/climate-activism-as-a-possible-solution-to-parents-climate-grief\/\" \/>\n<meta property=\"og:site_name\" content=\"Mountain Mamas\" \/>\n<meta property=\"article:publisher\" content=\"https:\/\/www.facebook.com\/MtnMamasOrg\/\" \/>\n<meta property=\"article:published_time\" content=\"2023-03-28T17:13:12+00:00\" \/>\n<meta property=\"article:modified_time\" content=\"2023-03-29T14:09:19+00:00\" \/>\n<meta property=\"og:image\" content=\"https:\/\/www.mtnmamas.org\/wp-content\/uploads\/2023\/03\/Mountain-Mamas-DC.jpg\" \/>\n\t<meta property=\"og:image:width\" content=\"2200\" \/>\n\t<meta property=\"og:image:height\" content=\"1805\" \/>\n\t<meta property=\"og:image:type\" content=\"image\/jpeg\" \/>\n<meta name=\"author\" content=\"Mountain Mamas\" \/>\n<meta name=\"twitter:card\" content=\"summary_large_image\" \/>\n<meta name=\"twitter:creator\" content=\"@MtnMamasOrg\" \/>\n<meta name=\"twitter:site\" content=\"@MtnMamasOrg\" \/>\n<meta name=\"twitter:label1\" content=\"Escrito por\" \/>\n\t<meta name=\"twitter:data1\" content=\"Mountain Mamas\" \/>\n\t<meta name=\"twitter:label2\" content=\"Tiempo de lectura\" \/>\n\t<meta name=\"twitter:data2\" content=\"4 minutos\" \/>\n<script type=\"application\/ld+json\" class=\"yoast-schema-graph\">{\"@context\":\"https:\\\/\\\/schema.org\",\"@graph\":[{\"@type\":\"Article\",\"@id\":\"https:\\\/\\\/www.mtnmamas.org\\\/climate-activism-as-a-possible-solution-to-parents-climate-grief\\\/#article\",\"isPartOf\":{\"@id\":\"https:\\\/\\\/www.mtnmamas.org\\\/climate-activism-as-a-possible-solution-to-parents-climate-grief\\\/\"},\"author\":{\"name\":\"Mountain Mamas\",\"@id\":\"https:\\\/\\\/www.mtnmamas.org\\\/#\\\/schema\\\/person\\\/24278c6e2b6161aea859fefe906ef378\"},\"headline\":\"Climate Activism as a Possible Solution to Parents` Climate Grief\",\"datePublished\":\"2023-03-28T17:13:12+00:00\",\"dateModified\":\"2023-03-29T14:09:19+00:00\",\"mainEntityOfPage\":{\"@id\":\"https:\\\/\\\/www.mtnmamas.org\\\/climate-activism-as-a-possible-solution-to-parents-climate-grief\\\/\"},\"wordCount\":1176,\"publisher\":{\"@id\":\"https:\\\/\\\/www.mtnmamas.org\\\/#organization\"},\"image\":{\"@id\":\"https:\\\/\\\/www.mtnmamas.org\\\/climate-activism-as-a-possible-solution-to-parents-climate-grief\\\/#primaryimage\"},\"thumbnailUrl\":\"https:\\\/\\\/www.mtnmamas.org\\\/wp-content\\\/uploads\\\/2023\\\/03\\\/Mountain-Mamas-DC.jpg\",\"articleSection\":[\"Uncategorized\"],\"inLanguage\":\"es\"},{\"@type\":\"WebPage\",\"@id\":\"https:\\\/\\\/www.mtnmamas.org\\\/climate-activism-as-a-possible-solution-to-parents-climate-grief\\\/\",\"url\":\"https:\\\/\\\/www.mtnmamas.org\\\/climate-activism-as-a-possible-solution-to-parents-climate-grief\\\/\",\"name\":\"Climate Activism as a Possible Solution to Parents` Climate Grief - Mountain Mamas\",\"isPartOf\":{\"@id\":\"https:\\\/\\\/www.mtnmamas.org\\\/#website\"},\"primaryImageOfPage\":{\"@id\":\"https:\\\/\\\/www.mtnmamas.org\\\/climate-activism-as-a-possible-solution-to-parents-climate-grief\\\/#primaryimage\"},\"image\":{\"@id\":\"https:\\\/\\\/www.mtnmamas.org\\\/climate-activism-as-a-possible-solution-to-parents-climate-grief\\\/#primaryimage\"},\"thumbnailUrl\":\"https:\\\/\\\/www.mtnmamas.org\\\/wp-content\\\/uploads\\\/2023\\\/03\\\/Mountain-Mamas-DC.jpg\",\"datePublished\":\"2023-03-28T17:13:12+00:00\",\"dateModified\":\"2023-03-29T14:09:19+00:00\",\"description\":\"A Darker Wilderness reminds Mountain Mamas the frame of nature and wilderness must include Black voices, experiences, and understandings.\",\"breadcrumb\":{\"@id\":\"https:\\\/\\\/www.mtnmamas.org\\\/climate-activism-as-a-possible-solution-to-parents-climate-grief\\\/#breadcrumb\"},\"inLanguage\":\"es\",\"potentialAction\":[{\"@type\":\"ReadAction\",\"target\":[\"https:\\\/\\\/www.mtnmamas.org\\\/climate-activism-as-a-possible-solution-to-parents-climate-grief\\\/\"]}]},{\"@type\":\"ImageObject\",\"inLanguage\":\"es\",\"@id\":\"https:\\\/\\\/www.mtnmamas.org\\\/climate-activism-as-a-possible-solution-to-parents-climate-grief\\\/#primaryimage\",\"url\":\"https:\\\/\\\/www.mtnmamas.org\\\/wp-content\\\/uploads\\\/2023\\\/03\\\/Mountain-Mamas-DC.jpg\",\"contentUrl\":\"https:\\\/\\\/www.mtnmamas.org\\\/wp-content\\\/uploads\\\/2023\\\/03\\\/Mountain-Mamas-DC.jpg\",\"width\":2200,\"height\":1805,\"caption\":\"Mountain mamas pose with Congressman in Washington D.C.\"},{\"@type\":\"BreadcrumbList\",\"@id\":\"https:\\\/\\\/www.mtnmamas.org\\\/climate-activism-as-a-possible-solution-to-parents-climate-grief\\\/#breadcrumb\",\"itemListElement\":[{\"@type\":\"ListItem\",\"position\":1,\"name\":\"Home\",\"item\":\"https:\\\/\\\/www.mtnmamas.org\\\/\"},{\"@type\":\"ListItem\",\"position\":2,\"name\":\"Climate Activism as a Possible Solution to Parents` Climate Grief\"}]},{\"@type\":\"WebSite\",\"@id\":\"https:\\\/\\\/www.mtnmamas.org\\\/#website\",\"url\":\"https:\\\/\\\/www.mtnmamas.org\\\/\",\"name\":\"Mountain Mamas\",\"description\":\"\",\"publisher\":{\"@id\":\"https:\\\/\\\/www.mtnmamas.org\\\/#organization\"},\"potentialAction\":[{\"@type\":\"SearchAction\",\"target\":{\"@type\":\"EntryPoint\",\"urlTemplate\":\"https:\\\/\\\/www.mtnmamas.org\\\/?s={search_term_string}\"},\"query-input\":{\"@type\":\"PropertyValueSpecification\",\"valueRequired\":true,\"valueName\":\"search_term_string\"}}],\"inLanguage\":\"es\"},{\"@type\":\"Organization\",\"@id\":\"https:\\\/\\\/www.mtnmamas.org\\\/#organization\",\"name\":\"Mountain Mamas\",\"url\":\"https:\\\/\\\/www.mtnmamas.org\\\/\",\"logo\":{\"@type\":\"ImageObject\",\"inLanguage\":\"es\",\"@id\":\"https:\\\/\\\/www.mtnmamas.org\\\/#\\\/schema\\\/logo\\\/image\\\/\",\"url\":\"https:\\\/\\\/www.mtnmamas.org\\\/wp-content\\\/uploads\\\/2019\\\/12\\\/MountainMamas_Logo_BlueRed.png\",\"contentUrl\":\"https:\\\/\\\/www.mtnmamas.org\\\/wp-content\\\/uploads\\\/2019\\\/12\\\/MountainMamas_Logo_BlueRed.png\",\"width\":849,\"height\":644,\"caption\":\"Mountain Mamas\"},\"image\":{\"@id\":\"https:\\\/\\\/www.mtnmamas.org\\\/#\\\/schema\\\/logo\\\/image\\\/\"},\"sameAs\":[\"https:\\\/\\\/www.facebook.com\\\/MtnMamasOrg\\\/\",\"https:\\\/\\\/x.com\\\/MtnMamasOrg\",\"https:\\\/\\\/www.instagram.com\\\/MtnMamasOrg\\\/\",\"https:\\\/\\\/www.youtube.com\\\/channel\\\/UCkfMCLwtylR_HK4NQG_hQdA\"]},{\"@type\":\"Person\",\"@id\":\"https:\\\/\\\/www.mtnmamas.org\\\/#\\\/schema\\\/person\\\/24278c6e2b6161aea859fefe906ef378\",\"name\":\"Mountain Mamas\",\"image\":{\"@type\":\"ImageObject\",\"inLanguage\":\"es\",\"@id\":\"https:\\\/\\\/secure.gravatar.com\\\/avatar\\\/347834bfa35f6eae5c34341f84567d06c1795c9815ede1aaf2522df9e0ef157c?s=96&d=mm&r=g\",\"url\":\"https:\\\/\\\/secure.gravatar.com\\\/avatar\\\/347834bfa35f6eae5c34341f84567d06c1795c9815ede1aaf2522df9e0ef157c?s=96&d=mm&r=g\",\"contentUrl\":\"https:\\\/\\\/secure.gravatar.com\\\/avatar\\\/347834bfa35f6eae5c34341f84567d06c1795c9815ede1aaf2522df9e0ef157c?s=96&d=mm&r=g\",\"caption\":\"Mountain Mamas\"},\"url\":\"https:\\\/\\\/www.mtnmamas.org\\\/sp\\\/author\\\/mtn_mamas_\\\/\"}]}<\/script>\n<!-- \/ Yoast SEO plugin. -->","yoast_head_json":{"title":"Climate Activism as a Possible Solution to Parents` Climate Grief - Mountain Mamas","description":"A Darker Wilderness reminds Mountain Mamas the frame of nature and wilderness must include Black voices, experiences, and understandings.","robots":{"index":"index","follow":"follow","max-snippet":"max-snippet:-1","max-image-preview":"max-image-preview:large","max-video-preview":"max-video-preview:-1"},"canonical":"https:\/\/www.mtnmamas.org\/sp\/climate-activism-as-a-possible-solution-to-parents-climate-grief\/","og_locale":"es_MX","og_type":"article","og_title":"Climate Activism as a Possible Solution to Parents` Climate Grief - Mountain Mamas","og_description":"A Darker Wilderness reminds Mountain Mamas the frame of nature and wilderness must include Black voices, experiences, and understandings.","og_url":"https:\/\/www.mtnmamas.org\/sp\/climate-activism-as-a-possible-solution-to-parents-climate-grief\/","og_site_name":"Mountain Mamas","article_publisher":"https:\/\/www.facebook.com\/MtnMamasOrg\/","article_published_time":"2023-03-28T17:13:12+00:00","article_modified_time":"2023-03-29T14:09:19+00:00","og_image":[{"width":2200,"height":1805,"url":"https:\/\/www.mtnmamas.org\/wp-content\/uploads\/2023\/03\/Mountain-Mamas-DC.jpg","type":"image\/jpeg"}],"author":"Mountain Mamas","twitter_card":"summary_large_image","twitter_creator":"@MtnMamasOrg","twitter_site":"@MtnMamasOrg","twitter_misc":{"Escrito por":"Mountain Mamas","Tiempo de lectura":"4 minutos"},"schema":{"@context":"https:\/\/schema.org","@graph":[{"@type":"Article","@id":"https:\/\/www.mtnmamas.org\/climate-activism-as-a-possible-solution-to-parents-climate-grief\/#article","isPartOf":{"@id":"https:\/\/www.mtnmamas.org\/climate-activism-as-a-possible-solution-to-parents-climate-grief\/"},"author":{"name":"Mountain Mamas","@id":"https:\/\/www.mtnmamas.org\/#\/schema\/person\/24278c6e2b6161aea859fefe906ef378"},"headline":"Climate Activism as a Possible Solution to Parents` Climate Grief","datePublished":"2023-03-28T17:13:12+00:00","dateModified":"2023-03-29T14:09:19+00:00","mainEntityOfPage":{"@id":"https:\/\/www.mtnmamas.org\/climate-activism-as-a-possible-solution-to-parents-climate-grief\/"},"wordCount":1176,"publisher":{"@id":"https:\/\/www.mtnmamas.org\/#organization"},"image":{"@id":"https:\/\/www.mtnmamas.org\/climate-activism-as-a-possible-solution-to-parents-climate-grief\/#primaryimage"},"thumbnailUrl":"https:\/\/www.mtnmamas.org\/wp-content\/uploads\/2023\/03\/Mountain-Mamas-DC.jpg","articleSection":["Uncategorized"],"inLanguage":"es"},{"@type":"WebPage","@id":"https:\/\/www.mtnmamas.org\/climate-activism-as-a-possible-solution-to-parents-climate-grief\/","url":"https:\/\/www.mtnmamas.org\/climate-activism-as-a-possible-solution-to-parents-climate-grief\/","name":"Climate Activism as a Possible Solution to Parents` Climate Grief - Mountain Mamas","isPartOf":{"@id":"https:\/\/www.mtnmamas.org\/#website"},"primaryImageOfPage":{"@id":"https:\/\/www.mtnmamas.org\/climate-activism-as-a-possible-solution-to-parents-climate-grief\/#primaryimage"},"image":{"@id":"https:\/\/www.mtnmamas.org\/climate-activism-as-a-possible-solution-to-parents-climate-grief\/#primaryimage"},"thumbnailUrl":"https:\/\/www.mtnmamas.org\/wp-content\/uploads\/2023\/03\/Mountain-Mamas-DC.jpg","datePublished":"2023-03-28T17:13:12+00:00","dateModified":"2023-03-29T14:09:19+00:00","description":"A Darker Wilderness reminds Mountain Mamas the frame of nature and wilderness must include Black voices, experiences, and understandings.","breadcrumb":{"@id":"https:\/\/www.mtnmamas.org\/climate-activism-as-a-possible-solution-to-parents-climate-grief\/#breadcrumb"},"inLanguage":"es","potentialAction":[{"@type":"ReadAction","target":["https:\/\/www.mtnmamas.org\/climate-activism-as-a-possible-solution-to-parents-climate-grief\/"]}]},{"@type":"ImageObject","inLanguage":"es","@id":"https:\/\/www.mtnmamas.org\/climate-activism-as-a-possible-solution-to-parents-climate-grief\/#primaryimage","url":"https:\/\/www.mtnmamas.org\/wp-content\/uploads\/2023\/03\/Mountain-Mamas-DC.jpg","contentUrl":"https:\/\/www.mtnmamas.org\/wp-content\/uploads\/2023\/03\/Mountain-Mamas-DC.jpg","width":2200,"height":1805,"caption":"Mountain mamas pose with Congressman in Washington D.C."},{"@type":"BreadcrumbList","@id":"https:\/\/www.mtnmamas.org\/climate-activism-as-a-possible-solution-to-parents-climate-grief\/#breadcrumb","itemListElement":[{"@type":"ListItem","position":1,"name":"Home","item":"https:\/\/www.mtnmamas.org\/"},{"@type":"ListItem","position":2,"name":"Climate Activism as a Possible Solution to Parents` Climate Grief"}]},{"@type":"WebSite","@id":"https:\/\/www.mtnmamas.org\/#website","url":"https:\/\/www.mtnmamas.org\/","name":"Mam\u00e1s de monta\u00f1a","description":"","publisher":{"@id":"https:\/\/www.mtnmamas.org\/#organization"},"potentialAction":[{"@type":"SearchAction","target":{"@type":"EntryPoint","urlTemplate":"https:\/\/www.mtnmamas.org\/?s={search_term_string}"},"query-input":{"@type":"PropertyValueSpecification","valueRequired":true,"valueName":"search_term_string"}}],"inLanguage":"es"},{"@type":"Organization","@id":"https:\/\/www.mtnmamas.org\/#organization","name":"Mam\u00e1s de monta\u00f1a","url":"https:\/\/www.mtnmamas.org\/","logo":{"@type":"ImageObject","inLanguage":"es","@id":"https:\/\/www.mtnmamas.org\/#\/schema\/logo\/image\/","url":"https:\/\/www.mtnmamas.org\/wp-content\/uploads\/2019\/12\/MountainMamas_Logo_BlueRed.png","contentUrl":"https:\/\/www.mtnmamas.org\/wp-content\/uploads\/2019\/12\/MountainMamas_Logo_BlueRed.png","width":849,"height":644,"caption":"Mountain Mamas"},"image":{"@id":"https:\/\/www.mtnmamas.org\/#\/schema\/logo\/image\/"},"sameAs":["https:\/\/www.facebook.com\/MtnMamasOrg\/","https:\/\/x.com\/MtnMamasOrg","https:\/\/www.instagram.com\/MtnMamasOrg\/","https:\/\/www.youtube.com\/channel\/UCkfMCLwtylR_HK4NQG_hQdA"]},{"@type":"Person","@id":"https:\/\/www.mtnmamas.org\/#\/schema\/person\/24278c6e2b6161aea859fefe906ef378","name":"Mam\u00e1s de monta\u00f1a","image":{"@type":"ImageObject","inLanguage":"es","@id":"https:\/\/secure.gravatar.com\/avatar\/347834bfa35f6eae5c34341f84567d06c1795c9815ede1aaf2522df9e0ef157c?s=96&d=mm&r=g","url":"https:\/\/secure.gravatar.com\/avatar\/347834bfa35f6eae5c34341f84567d06c1795c9815ede1aaf2522df9e0ef157c?s=96&d=mm&r=g","contentUrl":"https:\/\/secure.gravatar.com\/avatar\/347834bfa35f6eae5c34341f84567d06c1795c9815ede1aaf2522df9e0ef157c?s=96&d=mm&r=g","caption":"Mountain Mamas"},"url":"https:\/\/www.mtnmamas.org\/sp\/author\/mtn_mamas_\/"}]}},"_links":{"self":[{"href":"https:\/\/www.mtnmamas.org\/sp\/wp-json\/wp\/v2\/posts\/2025","targetHints":{"allow":["GET"]}}],"collection":[{"href":"https:\/\/www.mtnmamas.org\/sp\/wp-json\/wp\/v2\/posts"}],"about":[{"href":"https:\/\/www.mtnmamas.org\/sp\/wp-json\/wp\/v2\/types\/post"}],"author":[{"embeddable":true,"href":"https:\/\/www.mtnmamas.org\/sp\/wp-json\/wp\/v2\/users\/16"}],"replies":[{"embeddable":true,"href":"https:\/\/www.mtnmamas.org\/sp\/wp-json\/wp\/v2\/comments?post=2025"}],"version-history":[{"count":7,"href":"https:\/\/www.mtnmamas.org\/sp\/wp-json\/wp\/v2\/posts\/2025\/revisions"}],"predecessor-version":[{"id":2052,"href":"https:\/\/www.mtnmamas.org\/sp\/wp-json\/wp\/v2\/posts\/2025\/revisions\/2052"}],"wp:featuredmedia":[{"embeddable":true,"href":"https:\/\/www.mtnmamas.org\/sp\/wp-json\/wp\/v2\/media\/2028"}],"wp:attachment":[{"href":"https:\/\/www.mtnmamas.org\/sp\/wp-json\/wp\/v2\/media?parent=2025"}],"wp:term":[{"taxonomy":"category","embeddable":true,"href":"https:\/\/www.mtnmamas.org\/sp\/wp-json\/wp\/v2\/categories?post=2025"},{"taxonomy":"post_tag","embeddable":true,"href":"https:\/\/www.mtnmamas.org\/sp\/wp-json\/wp\/v2\/tags?post=2025"}],"curies":[{"name":"wp","href":"https:\/\/api.w.org\/{rel}","templated":true}]}}